{"id":141,"date":"2014-03-29T19:30:24","date_gmt":"2014-03-29T17:30:24","guid":{"rendered":"http:\/\/kbfv.stclemens-kaldenkirchen.de\/?p=141"},"modified":"2014-08-17T15:49:25","modified_gmt":"2014-08-17T13:49:25","slug":"essen-fuer-den-kirchturm-2","status":"publish","type":"post","link":"http:\/\/kbfv.stclemens-kaldenkirchen.de\/?p=141","title":{"rendered":"Essen f\u00fcr den Kirchturm"},"content":{"rendered":"<p>Zwei Mitglieder des Kirchbauf\u00f6rdervereins (Manfred Schomm und Hans Buschmann) m\u00f6chten Sie erneut mit einem F\u00fcnf-G\u00e4nge-Men\u00fc ( ein Niederrhein-Essen ) im Convent verw\u00f6hnen.<br \/>\nDie musikalische Begleitung steht unter dem Motto &#8220;Classic meets Musical&#8221; und wird von Sonja Prigge und Yvone Herter gestaltet.<\/p>\n","protected":false},"excerpt":{"rendered":"<p>Zwei Mitglieder des Kirchbauf\u00f6rdervereins (Manfred Schomm und Hans Buschmann) m\u00f6chten Sie erneut mit einem F\u00fcnf-G\u00e4nge-Men\u00fc ( ein Niederrhein-Essen ) im Convent verw\u00f6hnen. Die musikalische Begleitung steht unter dem Motto &#8220;Classic meets Musical&#8221; und wird von Sonja Prigge und Yvone Herter gestaltet.<\/p>\n","protected":false},"author":1,"featured_media":0,"comment_status":"closed","ping_status":"closed","sticky":false,"template":"","format":"standard","meta":[],"categories":[6],"tags":[],"_links":{"self":[{"href":"http:\/\/kbfv.stclemens-kaldenkirchen.de\/index.php?rest_route=\/wp\/v2\/posts\/141"}],"collection":[{"href":"http:\/\/kbfv.stclemens-kaldenkirchen.de\/index.php?rest_route=\/wp\/v2\/posts"}],"about":[{"href":"http:\/\/kbfv.stclemens-kaldenkirchen.de\/index.php?rest_route=\/wp\/v2\/types\/post"}],"author":[{"embeddable":true,"href":"http:\/\/kbfv.stclemens-kaldenkirchen.de\/index.php?rest_route=\/wp\/v2\/users\/1"}],"replies":[{"embeddable":true,"href":"http:\/\/kbfv.stclemens-kaldenkirchen.de\/index.php?rest_route=%2Fwp%2Fv2%2Fcomments&post=141"}],"version-history":[{"count":3,"href":"http:\/\/kbfv.stclemens-kaldenkirchen.de\/index.php?rest_route=\/wp\/v2\/posts\/141\/revisions"}],"predecessor-version":[{"id":149,"href":"http:\/\/kbfv.stclemens-kaldenkirchen.de\/index.php?rest_route=\/wp\/v2\/posts\/141\/revisions\/149"}],"wp:attachment":[{"href":"http:\/\/kbfv.stclemens-kaldenkirchen.de\/index.php?rest_route=%2Fwp%2Fv2%2Fmedia&parent=141"}],"wp:term":[{"taxonomy":"category","embeddable":true,"href":"http:\/\/kbfv.stclemens-kaldenkirchen.de\/index.php?rest_route=%2Fwp%2Fv2%2Fcategories&post=141"},{"taxonomy":"post_tag","embeddable":true,"href":"http:\/\/kbfv.stclemens-kaldenkirchen.de\/index.php?rest_route=%2Fwp%2Fv2%2Ftags&post=141"}],"curies":[{"name":"wp","href":"https:\/\/api.w.org\/{rel}","templated":true}]}}