{"id":404,"date":"2016-11-22T00:04:36","date_gmt":"2016-11-21T22:04:36","guid":{"rendered":"http:\/\/kbfv.stclemens-kaldenkirchen.de\/?p=404"},"modified":"2018-10-14T00:39:30","modified_gmt":"2018-10-13T22:39:30","slug":"weihnachtsgruesse-aus-st-clemens","status":"publish","type":"post","link":"http:\/\/kbfv.stclemens-kaldenkirchen.de\/?p=404","title":{"rendered":"Weihnachtsgr\u00fc\u00dfe aus St. Clemens"},"content":{"rendered":"<p><a href=\"http:\/\/kbfv.stclemens-kaldenkirchen.de\/wp-content\/uploads\/2016\/11\/Kirche_2016_11_21_2468_4_3.jpg\"><img decoding=\"async\" loading=\"lazy\" class=\"alignnone size-medium wp-image-402\" src=\"http:\/\/kbfv.stclemens-kaldenkirchen.de\/wp-content\/uploads\/2016\/11\/Kirche_2016_11_21_2468_4_3-600x450.jpg\" alt=\"Kirche_2016_11_21_2468_4_3\" width=\"600\" height=\"450\" srcset=\"http:\/\/kbfv.stclemens-kaldenkirchen.de\/wp-content\/uploads\/2016\/11\/Kirche_2016_11_21_2468_4_3-600x450.jpg 600w, http:\/\/kbfv.stclemens-kaldenkirchen.de\/wp-content\/uploads\/2016\/11\/Kirche_2016_11_21_2468_4_3-1024x768.jpg 1024w, http:\/\/kbfv.stclemens-kaldenkirchen.de\/wp-content\/uploads\/2016\/11\/Kirche_2016_11_21_2468_4_3.jpg 2000w\" sizes=\"(max-width: 600px) 100vw, 600px\" \/><\/a>Der Kirchbauf\u00f6rderverein bietet dieses Jahr erstmalig drei Weihnachtskarten mit Motiven unser Pfarrkirche an!<\/p>\n<p>Die Karten sind in folgenden Verkaufsstellen erh\u00e4ltlich:<\/p>\n<p>Adlerapotheke<br \/>\nKehrstra\u00dfe 77<br \/>\n41334 Nettetal<\/p>\n<p>Neue Grenz Apotheke<br \/>\nBahnhofstra\u00dfe 52<br \/>\n41334 Nettetal<\/p>\n<p>Pfarrb\u00fcro St. Clemens<br \/>\nKehrstra\u00dfe 30<br \/>\n41334 Nettetal<\/p>\n<p>Bei gr\u00f6\u00dferen Mengen k\u00f6nnen Sie uns auch gerne per e-Mail kontaktieren.<\/p>\n<p>Die Preise sind wie folgt gestaffelt:<br \/>\n1 Karte &#8211; 2,00\u20ac<br \/>\n3 Karten &#8211; 5,00\u20ac<br \/>\n8 Karten &#8211; 12,00\u20ac<\/p>\n<p>Wir w\u00fcnschen Ihnen eine besinnliche Adventszeit!<\/p>\n","protected":false},"excerpt":{"rendered":"<p>Der Kirchbauf\u00f6rderverein bietet dieses Jahr erstmalig drei Weihnachtskarten mit Motiven unser Pfarrkirche an! Die Karten sind in folgenden Verkaufsstellen erh\u00e4ltlich: Adlerapotheke Kehrstra\u00dfe 77 41334 Nettetal Neue Grenz Apotheke Bahnhofstra\u00dfe 52 41334 Nettetal Pfarrb\u00fcro St. Clemens Kehrstra\u00dfe 30 41334 Nettetal Bei gr\u00f6\u00dferen Mengen k\u00f6nnen Sie uns auch gerne per e-Mail kontaktieren. Die Preise sind wie folgt &hellip; <a href=\"http:\/\/kbfv.stclemens-kaldenkirchen.de\/?p=404\" class=\"more-link\"><span class=\"screen-reader-text\">Weihnachtsgr\u00fc\u00dfe aus St. Clemens<\/span> weiterlesen <span class=\"meta-nav\">&rarr;<\/span><\/a><\/p>\n","protected":false},"author":6,"featured_media":0,"comment_status":"closed","ping_status":"closed","sticky":false,"template":"","format":"standard","meta":[],"categories":[10],"tags":[],"_links":{"self":[{"href":"http:\/\/kbfv.stclemens-kaldenkirchen.de\/index.php?rest_route=\/wp\/v2\/posts\/404"}],"collection":[{"href":"http:\/\/kbfv.stclemens-kaldenkirchen.de\/index.php?rest_route=\/wp\/v2\/posts"}],"about":[{"href":"http:\/\/kbfv.stclemens-kaldenkirchen.de\/index.php?rest_route=\/wp\/v2\/types\/post"}],"author":[{"embeddable":true,"href":"http:\/\/kbfv.stclemens-kaldenkirchen.de\/index.php?rest_route=\/wp\/v2\/users\/6"}],"replies":[{"embeddable":true,"href":"http:\/\/kbfv.stclemens-kaldenkirchen.de\/index.php?rest_route=%2Fwp%2Fv2%2Fcomments&post=404"}],"version-history":[{"count":13,"href":"http:\/\/kbfv.stclemens-kaldenkirchen.de\/index.php?rest_route=\/wp\/v2\/posts\/404\/revisions"}],"predecessor-version":[{"id":418,"href":"http:\/\/kbfv.stclemens-kaldenkirchen.de\/index.php?rest_route=\/wp\/v2\/posts\/404\/revisions\/418"}],"wp:attachment":[{"href":"http:\/\/kbfv.stclemens-kaldenkirchen.de\/index.php?rest_route=%2Fwp%2Fv2%2Fmedia&parent=404"}],"wp:term":[{"taxonomy":"category","embeddable":true,"href":"http:\/\/kbfv.stclemens-kaldenkirchen.de\/index.php?rest_route=%2Fwp%2Fv2%2Fcategories&post=404"},{"taxonomy":"post_tag","embeddable":true,"href":"http:\/\/kbfv.stclemens-kaldenkirchen.de\/index.php?rest_route=%2Fwp%2Fv2%2Ftags&post=404"}],"curies":[{"name":"wp","href":"https:\/\/api.w.org\/{rel}","templated":true}]}}