{"id":422,"date":"2017-07-19T14:57:58","date_gmt":"2017-07-19T12:57:58","guid":{"rendered":"http:\/\/kbfv.stclemens-kaldenkirchen.de\/?p=422"},"modified":"2018-10-14T00:39:21","modified_gmt":"2018-10-13T22:39:21","slug":"kirchenfenster","status":"publish","type":"post","link":"http:\/\/kbfv.stclemens-kaldenkirchen.de\/?p=422","title":{"rendered":"Kirchenfenster"},"content":{"rendered":"<p style=\"color: #000000;\"><a href=\"http:\/\/kbfv.stclemens-kaldenkirchen.de\/wp-content\/uploads\/2017\/07\/Kriche_2017_06_30_4192.jpg\"><img decoding=\"async\" loading=\"lazy\" class=\"alignnone size-medium wp-image-423\" src=\"http:\/\/kbfv.stclemens-kaldenkirchen.de\/wp-content\/uploads\/2017\/07\/Kriche_2017_06_30_4192-600x450.jpg\" alt=\"Kriche_2017_06_30_4192\" width=\"600\" height=\"450\" srcset=\"http:\/\/kbfv.stclemens-kaldenkirchen.de\/wp-content\/uploads\/2017\/07\/Kriche_2017_06_30_4192-600x450.jpg 600w, http:\/\/kbfv.stclemens-kaldenkirchen.de\/wp-content\/uploads\/2017\/07\/Kriche_2017_06_30_4192.jpg 800w\" sizes=\"(max-width: 600px) 100vw, 600px\" \/><\/a>Leider werden unsere Kirchenfenster immer wieder besch\u00e4digt. Die Verursacher sind in der Regel nicht zu ermitteln, sodass die Schadensregulierung durch die Pfarre selbst vorgenommen werden muss. Auch wenn ein Teil der Kosten von der Versicherung \u00fcbernommen wird, verbleibt immer noch ein erheblicher Betrag, der von der Pfarrgemeinde selbst getragen werden muss.<\/p>\n<p style=\"color: #000000;\">Da solche Besch\u00e4digungen immer wieder vorkommen k\u00f6nnen, hat der Kirchenvorstand beschlossen, die nachstehend aufgef\u00fchrte Ma\u00dfnahme zum Schutz der Fenster und zur nachhaltigen Reduzierung der Reparaturkosten durchzuf\u00fchren:<\/p>\n<ul>\n<li style=\"color: #000000;\">die Kirchenfenster werden wieder instandgesetzt<\/li>\n<li style=\"color: #000000;\">zum Schutz werden sogenannte \u201eVorsatzfenster\u201c aus Verbundsicherheitsglas angebracht. Neben dem Schutz vor Besch\u00e4digung wird dadurch auch das Auswaschen der Bleiverglasung verhindert.<\/li>\n<\/ul>\n<p style=\"color: #000000;\">W\u00e4hrend der Arbeiten werden sowohl im Innenraum der Kirche als auch au\u00dfen Ger\u00fcste stehen.<\/p>\n<p style=\"color: #000000;\">Das Bistum Aachen gew\u00e4hrt f\u00fcr diese Ma\u00dfnahme einen Zuschuss. Der Kirchbauf\u00f6rdervein der Pfarre St. Clemens wird den Restbetrag \u00fcbernehmen.<\/p>\n<p style=\"color: #000000;\">CS<\/p>\n","protected":false},"excerpt":{"rendered":"<p>Leider werden unsere Kirchenfenster immer wieder besch\u00e4digt. Die Verursacher sind in der Regel nicht zu ermitteln, sodass die Schadensregulierung durch die Pfarre selbst vorgenommen werden muss. Auch wenn ein Teil der Kosten von der Versicherung \u00fcbernommen wird, verbleibt immer noch ein erheblicher Betrag, der von der Pfarrgemeinde selbst getragen werden muss. Da solche Besch\u00e4digungen immer &hellip; <a href=\"http:\/\/kbfv.stclemens-kaldenkirchen.de\/?p=422\" class=\"more-link\"><span class=\"screen-reader-text\">Kirchenfenster<\/span> weiterlesen <span class=\"meta-nav\">&rarr;<\/span><\/a><\/p>\n","protected":false},"author":6,"featured_media":0,"comment_status":"closed","ping_status":"closed","sticky":false,"template":"","format":"standard","meta":[],"categories":[9],"tags":[],"_links":{"self":[{"href":"http:\/\/kbfv.stclemens-kaldenkirchen.de\/index.php?rest_route=\/wp\/v2\/posts\/422"}],"collection":[{"href":"http:\/\/kbfv.stclemens-kaldenkirchen.de\/index.php?rest_route=\/wp\/v2\/posts"}],"about":[{"href":"http:\/\/kbfv.stclemens-kaldenkirchen.de\/index.php?rest_route=\/wp\/v2\/types\/post"}],"author":[{"embeddable":true,"href":"http:\/\/kbfv.stclemens-kaldenkirchen.de\/index.php?rest_route=\/wp\/v2\/users\/6"}],"replies":[{"embeddable":true,"href":"http:\/\/kbfv.stclemens-kaldenkirchen.de\/index.php?rest_route=%2Fwp%2Fv2%2Fcomments&post=422"}],"version-history":[{"count":5,"href":"http:\/\/kbfv.stclemens-kaldenkirchen.de\/index.php?rest_route=\/wp\/v2\/posts\/422\/revisions"}],"predecessor-version":[{"id":428,"href":"http:\/\/kbfv.stclemens-kaldenkirchen.de\/index.php?rest_route=\/wp\/v2\/posts\/422\/revisions\/428"}],"wp:attachment":[{"href":"http:\/\/kbfv.stclemens-kaldenkirchen.de\/index.php?rest_route=%2Fwp%2Fv2%2Fmedia&parent=422"}],"wp:term":[{"taxonomy":"category","embeddable":true,"href":"http:\/\/kbfv.stclemens-kaldenkirchen.de\/index.php?rest_route=%2Fwp%2Fv2%2Fcategories&post=422"},{"taxonomy":"post_tag","embeddable":true,"href":"http:\/\/kbfv.stclemens-kaldenkirchen.de\/index.php?rest_route=%2Fwp%2Fv2%2Ftags&post=422"}],"curies":[{"name":"wp","href":"https:\/\/api.w.org\/{rel}","templated":true}]}}