{"id":499,"date":"2018-06-13T18:07:36","date_gmt":"2018-06-13T16:07:36","guid":{"rendered":"http:\/\/kbfv.stclemens-kaldenkirchen.de\/?p=499"},"modified":"2018-10-14T00:39:05","modified_gmt":"2018-10-13T22:39:05","slug":"offene-kirche","status":"publish","type":"post","link":"http:\/\/kbfv.stclemens-kaldenkirchen.de\/?p=499","title":{"rendered":"offene Kirche"},"content":{"rendered":"<p><b>Offene Kirche &#8211; St. Clemens Kaldenkirchen<\/b><\/p>\n<p><img decoding=\"async\" loading=\"lazy\" class=\"alignnone size-full wp-image-500\" style=\"color: #000000;\" src=\"http:\/\/kbfv.stclemens-kaldenkirchen.de\/wp-content\/uploads\/2018\/06\/image.png\" alt=\"image\" width=\"3000\" height=\"2250\" srcset=\"http:\/\/kbfv.stclemens-kaldenkirchen.de\/wp-content\/uploads\/2018\/06\/image.png 3000w, http:\/\/kbfv.stclemens-kaldenkirchen.de\/wp-content\/uploads\/2018\/06\/image-600x450.png 600w, http:\/\/kbfv.stclemens-kaldenkirchen.de\/wp-content\/uploads\/2018\/06\/image-1024x768.png 1024w\" sizes=\"(max-width: 3000px) 100vw, 3000px\" \/><\/p>\n<p>Die Pfarre St. Clemens Kaldenkirchen hat es erm\u00f6glicht, die Kirche auch au\u00dferhalb der Gottesdienste zug\u00e4nglich zu machen. Der Kirchbauf\u00f6rderverein war bei der Planung mit eingebunden und setzte sich sowohl mit Rat und Tat\u00a0 f\u00fcr die Verwirklichung ein. Auch wurde diese Aktion vom Kirchbauf\u00f6rderverein finanziert.<\/p>\n<p>Offene Kirche\u00a0 &#8211;\u00a0 dazu ist das Kirchenschiff durch ein schmiedeeisernes Tor gesch\u00fctzt. Damit nichts ins Kirchenschiff hineingeworfen werden kann, ist der obere Bereich mit einem Netz abgesichert.<\/p>\n<p>Auch wurde eine Kamera installiert, sodass die Kirche video\u00fcberwacht ist.<\/p>\n<p>Ein Kerzenst\u00e4nder und eine\u00a0 Kniebank, f\u00fcr die durch das schmiedeeiserne Tor\u00a0 abgetrennte \u201eOffene Kirche\u201c, sind bestellt.<\/p>\n<p>Die Kirche\u00a0 ist nun von Anfang Mai bis Oktober ge\u00f6ffnet.<\/p>\n<p>Ein Dank gilt der Firma Metallbau Roosen aus Kaldenkirchen, der es gelungen ist, eine Gitteranlage zu fertigen,\u00a0 die sich in unserer Kirche so gut einf\u00fcgt, als w\u00e4re sie immer schon da gewesen.<\/p>\n<p>CS<\/p>\n<p>Personen auf dem Foto:<\/p>\n<p>Von links: Pastor Benedikt Schnitzler, Frank Roosen (Firma Metallbau Roosen), Christa Schattner und Manfred Schomm (beide Vorstand Kirchbauf\u00f6rderverein)<\/p>\n<p>&nbsp;<\/p>\n","protected":false},"excerpt":{"rendered":"<p>Offene Kirche &#8211; St. Clemens Kaldenkirchen Die Pfarre St. Clemens Kaldenkirchen hat es erm\u00f6glicht, die Kirche auch au\u00dferhalb der Gottesdienste zug\u00e4nglich zu machen. Der Kirchbauf\u00f6rderverein war bei der Planung mit eingebunden und setzte sich sowohl mit Rat und Tat\u00a0 f\u00fcr die Verwirklichung ein. Auch wurde diese Aktion vom Kirchbauf\u00f6rderverein finanziert. Offene Kirche\u00a0 &#8211;\u00a0 dazu ist &hellip; <a href=\"http:\/\/kbfv.stclemens-kaldenkirchen.de\/?p=499\" class=\"more-link\"><span class=\"screen-reader-text\">offene Kirche<\/span> weiterlesen <span class=\"meta-nav\">&rarr;<\/span><\/a><\/p>\n","protected":false},"author":1,"featured_media":0,"comment_status":"closed","ping_status":"closed","sticky":false,"template":"","format":"standard","meta":[],"categories":[11],"tags":[],"_links":{"self":[{"href":"http:\/\/kbfv.stclemens-kaldenkirchen.de\/index.php?rest_route=\/wp\/v2\/posts\/499"}],"collection":[{"href":"http:\/\/kbfv.stclemens-kaldenkirchen.de\/index.php?rest_route=\/wp\/v2\/posts"}],"about":[{"href":"http:\/\/kbfv.stclemens-kaldenkirchen.de\/index.php?rest_route=\/wp\/v2\/types\/post"}],"author":[{"embeddable":true,"href":"http:\/\/kbfv.stclemens-kaldenkirchen.de\/index.php?rest_route=\/wp\/v2\/users\/1"}],"replies":[{"embeddable":true,"href":"http:\/\/kbfv.stclemens-kaldenkirchen.de\/index.php?rest_route=%2Fwp%2Fv2%2Fcomments&post=499"}],"version-history":[{"count":2,"href":"http:\/\/kbfv.stclemens-kaldenkirchen.de\/index.php?rest_route=\/wp\/v2\/posts\/499\/revisions"}],"predecessor-version":[{"id":502,"href":"http:\/\/kbfv.stclemens-kaldenkirchen.de\/index.php?rest_route=\/wp\/v2\/posts\/499\/revisions\/502"}],"wp:attachment":[{"href":"http:\/\/kbfv.stclemens-kaldenkirchen.de\/index.php?rest_route=%2Fwp%2Fv2%2Fmedia&parent=499"}],"wp:term":[{"taxonomy":"category","embeddable":true,"href":"http:\/\/kbfv.stclemens-kaldenkirchen.de\/index.php?rest_route=%2Fwp%2Fv2%2Fcategories&post=499"},{"taxonomy":"post_tag","embeddable":true,"href":"http:\/\/kbfv.stclemens-kaldenkirchen.de\/index.php?rest_route=%2Fwp%2Fv2%2Ftags&post=499"}],"curies":[{"name":"wp","href":"https:\/\/api.w.org\/{rel}","templated":true}]}}