{"id":509,"date":"2018-10-14T00:34:07","date_gmt":"2018-10-13T22:34:07","guid":{"rendered":"http:\/\/kbfv.stclemens-kaldenkirchen.de\/?p=509"},"modified":"2018-10-14T00:38:52","modified_gmt":"2018-10-13T22:38:52","slug":"adventskalender-2018","status":"publish","type":"post","link":"http:\/\/kbfv.stclemens-kaldenkirchen.de\/?p=509","title":{"rendered":"Adventskalender 2018"},"content":{"rendered":"<p><a href=\"http:\/\/kbfv.stclemens-kaldenkirchen.de\/wp-content\/uploads\/2018\/10\/Plakat_Adventskalender_StClemens2018_korr.jpg\"><img decoding=\"async\" loading=\"lazy\" class=\"alignnone size-medium wp-image-511\" src=\"http:\/\/kbfv.stclemens-kaldenkirchen.de\/wp-content\/uploads\/2018\/10\/Plakat_Adventskalender_StClemens2018_korr-318x450.jpg\" alt=\"Plakat_Adventskalender_StClemens2018_korr\" width=\"318\" height=\"450\" srcset=\"http:\/\/kbfv.stclemens-kaldenkirchen.de\/wp-content\/uploads\/2018\/10\/Plakat_Adventskalender_StClemens2018_korr-318x450.jpg 318w, http:\/\/kbfv.stclemens-kaldenkirchen.de\/wp-content\/uploads\/2018\/10\/Plakat_Adventskalender_StClemens2018_korr-543x768.jpg 543w\" sizes=\"(max-width: 318px) 100vw, 318px\" \/><\/a><\/p>\n<p style=\"color: #000000;\">Der Kirchbauf\u00f6rderverein der Pfarre St. Clemens Kaldenkirchen besteht nun seit 6 Jahren.<\/p>\n<p style=\"color: #000000;\">In dieser Zeit unterst\u00fctzten wir folgende Projekte:<\/p>\n<ul>\n<li style=\"color: #000000;\"><b>Renovierung des Kirchturm St. Clemens Kaldenkirchen<\/b><\/li>\n<li style=\"color: #000000;\"><b>Anschaffung einer Lichtanlage f\u00fcr die Kirche<\/b><\/li>\n<li style=\"color: #000000;\"><b>Einbau eines schmiedeeisernen Tores,\u00a0 zur Erm\u00f6glichung einer \u201eOffenen Kirche\u201c.<\/b><\/li>\n<li style=\"color: #000000;\"><b>Sanierung der Kirchenfenster<\/b><\/li>\n<\/ul>\n<p style=\"color: #000000;\">Die daf\u00fcr erforderlichen Gelder konnten durch diverse Aktionen und durch\u00a0 Spenden- und Sponsorengelder aufgebracht werden. Zu den gelungenen Aktionen z\u00e4hlen u.a. auch die bisher herausgegebenen Adventskalender.<\/p>\n<p style=\"color: #000000;\">Diese Aktion wollen wir in diesem Jahr erneut durchf\u00fchren.<\/p>\n<p style=\"color: #000000;\">Erh\u00e4ltlich sind die Kalender zum Preis von <b>12,&#8211; \u20ac<\/b> bei folgenden <b>Verkaufsstellen:<\/b><\/p>\n<p style=\"color: #000000;\"><b>Pfarrb\u00fcro St. Clemens<\/b>, Kehrstr. 30 , 41334 Nettetal\u00a0 ( montags, dienstags, mittwochs und freitags von 10-12 Uhr, donnerstags von 15-17 Uhr)<br \/>\n<b>Adler-Apotheke W. Roegels<\/b>, Kehrstr. 77, 41334 Nettetal\u00a0 (zu den \u00d6ffnungszeiten)<br \/>\n<b>Neue Grenzapotheke C.\u00a0 K\u00f6hler<\/b>,\u00a0 Bahnhofstr. 52, 41334 Nettetal\u00a0 (zu den \u00d6ffnungszeiten)<\/p>\n<p style=\"color: #000000;\">Zur Verlosung kommen Preise in Gesamtwert von <b>\u00fcber 4.000 \u20ac<\/b>.<\/p>\n<p style=\"color: #000000;\">Hinter den T\u00fcrchen des Kalenders verbergen sich Gewinne in Form von Geldpreisen oder Warengutscheinen, die dem Kirchbauf\u00f6rderverein von gro\u00dfz\u00fcgigen Sponsoren zur Verf\u00fcgung gestellt wurden. Jeder Kalender tr\u00e4gt auf der Vorderseite unten eine Nummer, die gleichzeitig Gewinnnummer sein kann. Die Gewinnnummern werden gezogen. Ob Sie gewonnen haben, k\u00f6nnen Sie ab dem 1. Dezember 2018 dem Aushang im Infokasten vor der Kirche entnehmen. Zus\u00e4tzlich werden alle Gewinnnummern auf den folgenden Internetseiten (<a href=\"http:\/\/www.stclemens-kaldenkirchen.de\">www.stclemens-kaldenkirchen.de<\/a>) und (<a href=\"http:\/\/www.kbfv.stclemens-kaldenkirchen.de\">www.kbfv.stclemens-kaldenkirchen.de<\/a>) ver\u00f6ffentlicht. Die Gewinne k\u00f6nnen im Pfarrb\u00fcro abgeholt werden.<\/p>\n<p style=\"color: #000000;\">Gewinne, die nicht bis zum 30. Januar 2019 abgeholt werden, nehmen an einer Sonderverlosung teil. Diese Sonderverlosung ist am 1.Februar 2019.<\/p>\n<p style=\"color: #000000;\">Unterst\u00fctzen sie uns mit dem Kauf eines Kalenders, damit wir auch in Zukunft unsere Kirche finanziell unterst\u00fctzen k\u00f6nnen.<\/p>\n<p style=\"color: #000000;\">Der Kirchbauf\u00f6rderverein der Pfarre St. Clemens e.V. bedankt sich herzlich bei der Druckerei Toni Peters GmbH &amp; Co KG, S\u00fcdliche Wambacher Str.6, 41334 Nettetal\u00a0 f\u00fcr die Unterst\u00fctzung bei der Herstellung und f\u00fcr die Drucklegung der Adventskalender. Herzlichen Dank auch an Peter Schmitz, der uns das Foto zur Verf\u00fcgung gestellt hat. Den beiden Apotheken mit Ihren Mitarbeitern danken wir f\u00fcr die Hilfe beim Vertrieb der Adventskalender. Den Sponsoren danken wir f\u00fcr die Bereitstellung der Geldpreise und Gutscheine.<\/p>\n<p style=\"color: #000000;\">Unterst\u00fctzen sie uns mit dem Kauf eines Kalenders, damit wir auch in Zukunft unsere Kirche finanziell unterst\u00fctzen k\u00f6nnen.<\/p>\n<p style=\"color: #000000;\">Kirchbauf\u00f6rderverein der Pfarre St. Clemens e.V.<\/p>\n<table cellspacing=\"0\" cellpadding=\"0\">\n<tbody>\n<tr>\n<td valign=\"bottom\"><b>Albert Schmitz,<\/b> Beethovenstr. 5, 41334 Nettetal<\/td>\n<\/tr>\n<tr>\n<td valign=\"bottom\"><b>Adler Apotheke Roegels<\/b>, Kehrstr. 77, 41334 Nettetal<\/td>\n<\/tr>\n<tr>\n<td valign=\"bottom\"><b>Aktion Brille, Steffi &amp; Gerd Inderelst GbR, <\/b>Kehrstr. 75, 41334 Nettetal<\/td>\n<\/tr>\n<tr>\n<td valign=\"bottom\"><b>Allertz Schuh- und Lederhaus GmbH<\/b>, Kehrstr.70, 41334 Nettetal<\/td>\n<\/tr>\n<tr>\n<td valign=\"bottom\"><b>Architekturb\u00fcro Kotschate<\/b>, Steyler Str. 73A, 41334 Nettetal<\/td>\n<\/tr>\n<tr>\n<td valign=\"bottom\"><b>B\u00e4ckerei &amp; Caf\u00e9 Oomen<\/b>, Kirchplatz 5, 431334 Nettetal<\/td>\n<\/tr>\n<tr>\n<td valign=\"bottom\"><b>Baguetterie Morgenmuffel<\/b>, Grenzwaldstr. 2B, 41334 Nettetal<\/td>\n<\/tr>\n<tr>\n<td valign=\"bottom\"><b>Baugesellschaft Nettetal AG<\/b>, Synagogenstr. 6, 41334 Nettetal<\/td>\n<\/tr>\n<tr>\n<td valign=\"bottom\"><b>Bestattungen Hellmann<\/b>, Heinrich-Haanen-Str. 6, 41334 Nettetal<\/td>\n<\/tr>\n<tr>\n<td valign=\"bottom\"><b>Birgitta Netten,<\/b> Institut f\u00fcr Kosmetik, Kehrstr. 57, 41334 Nettetal<\/td>\n<\/tr>\n<tr>\n<td valign=\"bottom\"><b>Boutique Jolie, Belumi GmbH<\/b>, Kehrstr. 69, 41334 Nettetal<\/td>\n<\/tr>\n<tr>\n<td valign=\"top\"><b>Clemens R\u00fctten Steuerberater<\/b>, Severusstr. 11, 41334 Nettetal<\/td>\n<\/tr>\n<tr>\n<td valign=\"bottom\"><b>Corso Film Casino, <\/b>Grenzwaldstr. 15a, 41334 Nettetal<\/td>\n<\/tr>\n<tr>\n<td valign=\"bottom\"><b>Der Buchladen, Jansen &amp; Mausberg GbR<\/b>, Poensgenstr. 14, 41334 Nettetal<\/td>\n<\/tr>\n<tr>\n<td valign=\"bottom\"><b>Eiscaf\u00e9 Zalivani<\/b>, Kehrstr. 48, 41334 Nettetal<\/td>\n<\/tr>\n<tr>\n<td valign=\"bottom\"><b>Elektro Klinkertz GmbH<\/b>, K\u00f6nigspfad 7, 41334 Nettetal<\/td>\n<\/tr>\n<tr>\n<td valign=\"bottom\"><b>Elektro Wilfried Becker<\/b>, Ravenstr. 30B, 41334 Nettetal<\/td>\n<\/tr>\n<tr>\n<td valign=\"bottom\"><b>Euronics Nootz<\/b>, Grenzwaldstr. 2, 41334 Nettetal<\/td>\n<\/tr>\n<tr>\n<td valign=\"bottom\"><b>Finlantis<\/b>, Buschstr. 22, 41334 Nettetal<\/td>\n<\/tr>\n<tr>\n<td valign=\"bottom\"><b>Fleischerei Abelen<\/b>, Kehrstr. 89, 41334 Nettetal<\/td>\n<\/tr>\n<tr>\n<td valign=\"bottom\"><b>Flora Kreativ<\/b>, Poststr. 4, 41334 Nettetal<\/td>\n<\/tr>\n<tr>\n<td valign=\"bottom\"><b>Frenzel &amp; Rang GmbH<\/b>, Poststr. 72, 41334 Nettetal<\/td>\n<\/tr>\n<tr>\n<td valign=\"bottom\"><b>Fritz Schouren-Stelzer GbR<\/b>, Kehrstr. 52, 41334 Nettetal<\/td>\n<\/tr>\n<tr>\n<td valign=\"bottom\"><b>Grenzlandreinigung M. Gartmann<\/b>, Poensgenstr. 3, 41334 Nettetal<\/td>\n<\/tr>\n<tr>\n<td valign=\"bottom\"><b>Hans Buschmann Steuerberater<\/b>, Spitalstr. 31, 41334 Nettetal<\/td>\n<\/tr>\n<tr>\n<td valign=\"bottom\"><b>Haus Galgenvenn<\/b>, Knorrstr. 77, 41334 Nettetal<\/td>\n<\/tr>\n<tr>\n<td valign=\"bottom\"><b>Hochzeitsfee-Brautmoden Angelika Saage-Esters<\/b>, F\u00e4hrstr. 2b, 41334 Nettetal<\/td>\n<\/tr>\n<tr>\n<td valign=\"bottom\"><b>Hofcaf\u00e9 Alt Bruch<\/b>, Am Altenhof 22, 41334 Nettetal<\/td>\n<\/tr>\n<tr>\n<td valign=\"bottom\"><b>Janni&#8217;s Blumenst\u00fcbchen<\/b>, Kehrstr.63, 41334 Nettetal<\/td>\n<\/tr>\n<tr>\n<td valign=\"top\"><b>Klunker, Perlen, Kronjuwelen, A.Weinmayr-Schummers &amp; Wanda Schummers GbR, <\/b>Kehrstr. 53, 41334 Nettetal<\/td>\n<\/tr>\n<tr>\n<td valign=\"top\"><b>Kosmetikstudio Sabine Heimes<\/b>, Schopspad 11, 41334 Nettetal<\/td>\n<\/tr>\n<tr>\n<td valign=\"bottom\"><b>Manfred Schomm Rechtsanwalt<\/b>, K\u00f6nigspfad 5, 41334 Nettetal<\/td>\n<\/tr>\n<tr>\n<td valign=\"bottom\"><b>Marmaris<\/b>, Klostergasse 4a, 41334 Nettetal<\/td>\n<\/tr>\n<tr>\n<td valign=\"top\"><b>NettePunkt e.V.<\/b> , Severusstr. 11, 41334 Nettetal<\/td>\n<\/tr>\n<tr>\n<td valign=\"bottom\"><b>Nettetaler Bierkontor Fritz &amp; D\u00fcckers UG &amp; Co KG<\/b>, Tolkemiter Str. 8, 41334 Nettetal<\/td>\n<\/tr>\n<tr>\n<td valign=\"bottom\"><b>Neue Grenz-Apotheke C. K\u00f6hler<\/b>, Bahnhofstr. 52, 41334 Nettetal<\/td>\n<\/tr>\n<tr>\n<td valign=\"bottom\"><b>Noa Bistro Caf\u00e9 Restaurant<\/b>, Kirchplatz 2, 41334 Nettetal<\/td>\n<\/tr>\n<tr>\n<td valign=\"bottom\"><b>Parf\u00fcmerie Becker<\/b>, Kehrstr. 58, 41334 Nettetal<\/td>\n<\/tr>\n<tr>\n<td valign=\"bottom\"><b>Petra Wolters<\/b>, Goldschmiede, Grenzwaldstr., 41334 Netteal<\/td>\n<\/tr>\n<tr>\n<td valign=\"bottom\"><b>Physiotherapie Antonius Korten<\/b>, Grenzwaldstr. 3, 41334 Nettetal<\/td>\n<\/tr>\n<tr>\n<td valign=\"bottom\"><b>Pizzeria Frontiera<\/b>, B\u00fcrdestr. 22A, 41334 Nettetal<\/td>\n<\/tr>\n<tr>\n<td valign=\"bottom\"><b>Planungsb\u00fcro Hans-Peter Theven,<\/b> K\u00f6lner Str. 60, 41334 Nettetal<\/td>\n<\/tr>\n<tr>\n<td valign=\"bottom\"><b>Provinzial Versicherung Alfken &amp; Biermann GbR<\/b>, Kehrstr. 41A, 41334 Nettetal<\/td>\n<\/tr>\n<tr>\n<td valign=\"bottom\"><b>Quartier Latin<\/b>, Bahnhofstr. 60, 41334 Nettetal<\/td>\n<\/tr>\n<tr>\n<td valign=\"bottom\"><b>Rewe Thomas Narzynski OHG<\/b>, Bahnhofstr. 28, 41334 Nettetal<\/td>\n<\/tr>\n<tr>\n<td valign=\"bottom\"><b>Schreinerei S\u00f6tje GmbH &amp; Co KG<\/b>, Am Panneschop 8, 41334 Nettetal<\/td>\n<\/tr>\n<tr>\n<td valign=\"bottom\"><b>Sparkasse Krefeld<\/b>, Kehrstr. 45, 41334 Nettetal<\/td>\n<\/tr>\n<tr>\n<td valign=\"bottom\"><b>Sport Allertz GmbH<\/b>, Poensgenstr. 5, 41334 Nettetal<\/td>\n<\/tr>\n<tr>\n<td valign=\"bottom\"><b>The Savour, <\/b>Grenzwaldstr. 15a, 41334 Nettetal<\/td>\n<\/tr>\n<tr>\n<td valign=\"top\"><b>Toto-Lotto<\/b> <b>Dieter Withofs<\/b>, K\u00f6lner Str. 5A, 41334 Nettetal<\/td>\n<\/tr>\n<tr>\n<td valign=\"bottom\"><b>TUI Reiseb\u00fcro Ulen<\/b>, Klostergasse 6a, 41334 Nettetal<\/td>\n<\/tr>\n<tr>\n<td valign=\"bottom\"><b>Ulrich Willers<\/b>, Zahnarzt, Kehrstr.72, 41334 Nettetal<\/td>\n<\/tr>\n<tr>\n<td valign=\"bottom\"><b>Volker Terhaag Winterg\u00e4rten<\/b>, Am Rennplatz 4, 41334 Nettetal<\/td>\n<\/tr>\n<tr>\n<td valign=\"bottom\"><b>Volksbank Krefeld eG<\/b>, Klostergasse 8, 41334 Nettetal<\/td>\n<\/tr>\n<tr>\n<td valign=\"bottom\"><b>Weinhandel Stefan K\u00fcveler<\/b>, Kirchplatz 3, 41334 Nettetal<\/td>\n<\/tr>\n<tr>\n<td valign=\"bottom\"><b>Wilms Obst und Gem\u00fcse<\/b>, Kehrstr. 63, 41334 Nettetal<\/td>\n<\/tr>\n<\/tbody>\n<\/table>\n","protected":false},"excerpt":{"rendered":"<p>Der Kirchbauf\u00f6rderverein der Pfarre St. Clemens Kaldenkirchen besteht nun seit 6 Jahren. In dieser Zeit unterst\u00fctzten wir folgende Projekte: Renovierung des Kirchturm St. Clemens Kaldenkirchen Anschaffung einer Lichtanlage f\u00fcr die Kirche Einbau eines schmiedeeisernen Tores,\u00a0 zur Erm\u00f6glichung einer \u201eOffenen Kirche\u201c. Sanierung der Kirchenfenster Die daf\u00fcr erforderlichen Gelder konnten durch diverse Aktionen und durch\u00a0 Spenden- und &hellip; <a href=\"http:\/\/kbfv.stclemens-kaldenkirchen.de\/?p=509\" class=\"more-link\"><span class=\"screen-reader-text\">Adventskalender 2018<\/span> weiterlesen <span class=\"meta-nav\">&rarr;<\/span><\/a><\/p>\n","protected":false},"author":6,"featured_media":0,"comment_status":"closed","ping_status":"closed","sticky":false,"template":"","format":"standard","meta":[],"categories":[11],"tags":[],"_links":{"self":[{"href":"http:\/\/kbfv.stclemens-kaldenkirchen.de\/index.php?rest_route=\/wp\/v2\/posts\/509"}],"collection":[{"href":"http:\/\/kbfv.stclemens-kaldenkirchen.de\/index.php?rest_route=\/wp\/v2\/posts"}],"about":[{"href":"http:\/\/kbfv.stclemens-kaldenkirchen.de\/index.php?rest_route=\/wp\/v2\/types\/post"}],"author":[{"embeddable":true,"href":"http:\/\/kbfv.stclemens-kaldenkirchen.de\/index.php?rest_route=\/wp\/v2\/users\/6"}],"replies":[{"embeddable":true,"href":"http:\/\/kbfv.stclemens-kaldenkirchen.de\/index.php?rest_route=%2Fwp%2Fv2%2Fcomments&post=509"}],"version-history":[{"count":3,"href":"http:\/\/kbfv.stclemens-kaldenkirchen.de\/index.php?rest_route=\/wp\/v2\/posts\/509\/revisions"}],"predecessor-version":[{"id":514,"href":"http:\/\/kbfv.stclemens-kaldenkirchen.de\/index.php?rest_route=\/wp\/v2\/posts\/509\/revisions\/514"}],"wp:attachment":[{"href":"http:\/\/kbfv.stclemens-kaldenkirchen.de\/index.php?rest_route=%2Fwp%2Fv2%2Fmedia&parent=509"}],"wp:term":[{"taxonomy":"category","embeddable":true,"href":"http:\/\/kbfv.stclemens-kaldenkirchen.de\/index.php?rest_route=%2Fwp%2Fv2%2Fcategories&post=509"},{"taxonomy":"post_tag","embeddable":true,"href":"http:\/\/kbfv.stclemens-kaldenkirchen.de\/index.php?rest_route=%2Fwp%2Fv2%2Ftags&post=509"}],"curies":[{"name":"wp","href":"https:\/\/api.w.org\/{rel}","templated":true}]}}