{"id":59,"date":"2013-02-23T19:30:13","date_gmt":"2013-02-23T17:30:13","guid":{"rendered":"http:\/\/kbfv.stclemens-kaldenkirchen.de\/?p=59"},"modified":"2014-08-12T22:51:10","modified_gmt":"2014-08-12T20:51:10","slug":"essen-fuer-den-kirchturm","status":"publish","type":"post","link":"http:\/\/kbfv.stclemens-kaldenkirchen.de\/?p=59","title":{"rendered":"Essen f\u00fcr den Kirchturm"},"content":{"rendered":"<p>Zwei Mitglieder des Kirchbauf\u00f6rdervereins (Manfred Schomm und Hans Buschmann) m\u00f6chten Sie mit einem Vier-G\u00e4nge-Men\u00fc im Convent in einem anspruchsvollen Rahmen verw\u00f6hnen. F\u00fcr die musikalische Begleitung sorgt das Vitus Froesch Trio aus M\u00f6nchengladbach.<\/p>\n","protected":false},"excerpt":{"rendered":"<p>Zwei Mitglieder des Kirchbauf\u00f6rdervereins (Manfred Schomm und Hans Buschmann) m\u00f6chten Sie mit einem Vier-G\u00e4nge-Men\u00fc im Convent in einem anspruchsvollen Rahmen verw\u00f6hnen. F\u00fcr die musikalische Begleitung sorgt das Vitus Froesch Trio aus M\u00f6nchengladbach.<\/p>\n","protected":false},"author":1,"featured_media":0,"comment_status":"closed","ping_status":"closed","sticky":false,"template":"","format":"standard","meta":[],"categories":[5],"tags":[],"_links":{"self":[{"href":"http:\/\/kbfv.stclemens-kaldenkirchen.de\/index.php?rest_route=\/wp\/v2\/posts\/59"}],"collection":[{"href":"http:\/\/kbfv.stclemens-kaldenkirchen.de\/index.php?rest_route=\/wp\/v2\/posts"}],"about":[{"href":"http:\/\/kbfv.stclemens-kaldenkirchen.de\/index.php?rest_route=\/wp\/v2\/types\/post"}],"author":[{"embeddable":true,"href":"http:\/\/kbfv.stclemens-kaldenkirchen.de\/index.php?rest_route=\/wp\/v2\/users\/1"}],"replies":[{"embeddable":true,"href":"http:\/\/kbfv.stclemens-kaldenkirchen.de\/index.php?rest_route=%2Fwp%2Fv2%2Fcomments&post=59"}],"version-history":[{"count":1,"href":"http:\/\/kbfv.stclemens-kaldenkirchen.de\/index.php?rest_route=\/wp\/v2\/posts\/59\/revisions"}],"predecessor-version":[{"id":60,"href":"http:\/\/kbfv.stclemens-kaldenkirchen.de\/index.php?rest_route=\/wp\/v2\/posts\/59\/revisions\/60"}],"wp:attachment":[{"href":"http:\/\/kbfv.stclemens-kaldenkirchen.de\/index.php?rest_route=%2Fwp%2Fv2%2Fmedia&parent=59"}],"wp:term":[{"taxonomy":"category","embeddable":true,"href":"http:\/\/kbfv.stclemens-kaldenkirchen.de\/index.php?rest_route=%2Fwp%2Fv2%2Fcategories&post=59"},{"taxonomy":"post_tag","embeddable":true,"href":"http:\/\/kbfv.stclemens-kaldenkirchen.de\/index.php?rest_route=%2Fwp%2Fv2%2Ftags&post=59"}],"curies":[{"name":"wp","href":"https:\/\/api.w.org\/{rel}","templated":true}]}}