{"id":644,"date":"2020-10-23T09:46:00","date_gmt":"2020-10-23T07:46:00","guid":{"rendered":"http:\/\/kbfv.stclemens-kaldenkirchen.de\/?p=644"},"modified":"2020-11-22T12:13:35","modified_gmt":"2020-11-22T10:13:35","slug":"adventsaktion-2020","status":"publish","type":"post","link":"http:\/\/kbfv.stclemens-kaldenkirchen.de\/?p=644","title":{"rendered":"Adventsaktion 2020"},"content":{"rendered":"<p><img decoding=\"async\" loading=\"lazy\" class=\"alignnone size-full wp-image-649\" src=\"http:\/\/kbfv.stclemens-kaldenkirchen.de\/wp-content\/uploads\/2020\/10\/Plakat_Adventskal_StClem2020_800.jpg\" alt=\"\" width=\"800\" height=\"1132\" srcset=\"http:\/\/kbfv.stclemens-kaldenkirchen.de\/wp-content\/uploads\/2020\/10\/Plakat_Adventskal_StClem2020_800.jpg 800w, http:\/\/kbfv.stclemens-kaldenkirchen.de\/wp-content\/uploads\/2020\/10\/Plakat_Adventskal_StClem2020_800-318x450.jpg 318w, http:\/\/kbfv.stclemens-kaldenkirchen.de\/wp-content\/uploads\/2020\/10\/Plakat_Adventskal_StClem2020_800-768x1087.jpg 768w, http:\/\/kbfv.stclemens-kaldenkirchen.de\/wp-content\/uploads\/2020\/10\/Plakat_Adventskal_StClem2020_800-543x768.jpg 543w\" sizes=\"(max-width: 800px) 100vw, 800px\" \/><\/p>\n<p>Der Kirchbauf\u00f6rderverein der Pfarre St. Clemens Kaldenkirchen besteht nun seit 8 Jahren und verwendet den Erl\u00f6s aus dem Verkauf der Adventskalender f\u00fcr die satzungsgem\u00e4\u00dfen Zwecke. Wie im letzten Jahr bereits angek\u00fcndigt, haben wir in 2019\/2020 die folgenden Ma\u00dfnahmen ma\u00dfgeblich finanziell unterst\u00fctzen k\u00f6nnen:<\/p>\n<ul>\n<li>Anstrich und Restaurierung der Kirchenb\u00e4nke und des Holzfu\u00dfbodens sowie Neuanschaffung von Sitzpolstern f\u00fcr die Kirchenb\u00e4nke<\/li>\n<li>Ausbesserungsarbeiten am Fu\u00dfboden<\/li>\n<\/ul>\n<p>Die daf\u00fcr erforderlichen Gelder konnten durch diverse Aktionen und Spenden- und Sponsorengelder aufgebracht werden. An dieser Stelle m\u00f6chten wir uns ausdr\u00fccklich bei allen unseren Sponsoren bedanken, die auch in diesem Jahr wieder Geldpreise und Gutscheine zur Verf\u00fcgung gestellt haben. Dies ist in diesem, von der Corona-Pandemie gepr\u00e4gtem Jahr, nicht selbstverst\u00e4ndlich. Daher freuen wir uns die Tradition des Adventskalenders weiterhin aufrecht halten zu k\u00f6nnen.<\/p>\n<p>&nbsp;<\/p>\n<p>&nbsp;<\/p>\n","protected":false},"excerpt":{"rendered":"<p>Der Kirchbauf\u00f6rderverein der Pfarre St. Clemens Kaldenkirchen besteht nun seit 8 Jahren und verwendet den Erl\u00f6s aus dem Verkauf der Adventskalender f\u00fcr die satzungsgem\u00e4\u00dfen Zwecke. Wie im letzten Jahr bereits angek\u00fcndigt, haben wir in 2019\/2020 die folgenden Ma\u00dfnahmen ma\u00dfgeblich finanziell unterst\u00fctzen k\u00f6nnen: Anstrich und Restaurierung der Kirchenb\u00e4nke und des Holzfu\u00dfbodens sowie Neuanschaffung von Sitzpolstern f\u00fcr &hellip; <a href=\"http:\/\/kbfv.stclemens-kaldenkirchen.de\/?p=644\" class=\"more-link\"><span class=\"screen-reader-text\">Adventsaktion 2020<\/span> weiterlesen <span class=\"meta-nav\">&rarr;<\/span><\/a><\/p>\n","protected":false},"author":3,"featured_media":0,"comment_status":"closed","ping_status":"closed","sticky":false,"template":"","format":"standard","meta":[],"categories":[15],"tags":[],"_links":{"self":[{"href":"http:\/\/kbfv.stclemens-kaldenkirchen.de\/index.php?rest_route=\/wp\/v2\/posts\/644"}],"collection":[{"href":"http:\/\/kbfv.stclemens-kaldenkirchen.de\/index.php?rest_route=\/wp\/v2\/posts"}],"about":[{"href":"http:\/\/kbfv.stclemens-kaldenkirchen.de\/index.php?rest_route=\/wp\/v2\/types\/post"}],"author":[{"embeddable":true,"href":"http:\/\/kbfv.stclemens-kaldenkirchen.de\/index.php?rest_route=\/wp\/v2\/users\/3"}],"replies":[{"embeddable":true,"href":"http:\/\/kbfv.stclemens-kaldenkirchen.de\/index.php?rest_route=%2Fwp%2Fv2%2Fcomments&post=644"}],"version-history":[{"count":4,"href":"http:\/\/kbfv.stclemens-kaldenkirchen.de\/index.php?rest_route=\/wp\/v2\/posts\/644\/revisions"}],"predecessor-version":[{"id":658,"href":"http:\/\/kbfv.stclemens-kaldenkirchen.de\/index.php?rest_route=\/wp\/v2\/posts\/644\/revisions\/658"}],"wp:attachment":[{"href":"http:\/\/kbfv.stclemens-kaldenkirchen.de\/index.php?rest_route=%2Fwp%2Fv2%2Fmedia&parent=644"}],"wp:term":[{"taxonomy":"category","embeddable":true,"href":"http:\/\/kbfv.stclemens-kaldenkirchen.de\/index.php?rest_route=%2Fwp%2Fv2%2Fcategories&post=644"},{"taxonomy":"post_tag","embeddable":true,"href":"http:\/\/kbfv.stclemens-kaldenkirchen.de\/index.php?rest_route=%2Fwp%2Fv2%2Ftags&post=644"}],"curies":[{"name":"wp","href":"https:\/\/api.w.org\/{rel}","templated":true}]}}