{"id":723,"date":"2021-11-27T17:23:03","date_gmt":"2021-11-27T15:23:03","guid":{"rendered":"http:\/\/kbfv.stclemens-kaldenkirchen.de\/?p=723"},"modified":"2021-11-27T17:34:54","modified_gmt":"2021-11-27T15:34:54","slug":"adventsaktion-2021","status":"publish","type":"post","link":"http:\/\/kbfv.stclemens-kaldenkirchen.de\/?p=723","title":{"rendered":"Adventsaktion 2021"},"content":{"rendered":"<p><img decoding=\"async\" loading=\"lazy\" class=\"alignnone size-full wp-image-721\" src=\"http:\/\/kbfv.stclemens-kaldenkirchen.de\/wp-content\/uploads\/2021\/11\/Plakat_Adventskal_StClem2021.jpg\" alt=\"\" width=\"640\" height=\"909\" srcset=\"http:\/\/kbfv.stclemens-kaldenkirchen.de\/wp-content\/uploads\/2021\/11\/Plakat_Adventskal_StClem2021.jpg 640w, http:\/\/kbfv.stclemens-kaldenkirchen.de\/wp-content\/uploads\/2021\/11\/Plakat_Adventskal_StClem2021-317x450.jpg 317w, http:\/\/kbfv.stclemens-kaldenkirchen.de\/wp-content\/uploads\/2021\/11\/Plakat_Adventskal_StClem2021-541x768.jpg 541w\" sizes=\"(max-width: 640px) 100vw, 640px\" \/><\/p>\n<p>Der Kirchbauf\u00f6rderverein der Pfarre St. Clemens Kaldenkirchen besteht nun seit 2012 und verwendet den Reinerl\u00f6s aus dem Verkauf der Adventskalender ausschlie\u00dflich f\u00fcr satzungsgem\u00e4\u00dfe Zwecke. Wir freuen uns, die Tradition des Adventskalenders weiterhin aufrecht halten zu k\u00f6nnen.<br \/>\nDer Kaufpreis f\u00fcr den Kalender betr\u00e4gt 12,00 Euro und ist zugleich ein Lotterielos. Ihre pers\u00f6nliche Gewinnnummer ist auf der Vorderseite unten links eingedruckt. Ob Sie gewonnen haben, k\u00f6nnen Sie ab dem 01. Dezember 2021 unserer Internetseite www.kbfv.stclemens-kaldenkirchen.de und dem Aushang im Infokasten vor der Kirche entnehmen.<br \/>\nWas an dem jeweiligen Tag (01.12.-24.12.2021) gewonnen wird, steht hinter dem entsprechenden Kalendert\u00fcrchen. Bei den Gewinnen handelt es sich um Geldpreise, NetteCards und Gutscheine. Werden dort mehrere Gewinne angezeigt, werden diese jeweils an eine separate Gewinnnummer verlost.<br \/>\nMit der Aush\u00e4ndigung des Gewinns oder Gutscheins gilt der Gewinn als angenommen. Jeder Kalender kann nur einmal gezogen werden.<br \/>\nGewinne, die nicht bis zum 31. Januar 2022 abgeholt werden, nehmen an einer Sonderverlosung teil. Diese Sonderverlosung ist am 01.Februar 2022.<br \/>\nDie Gewinne k\u00f6nnen im Pfarrb\u00fcro zu den unten genannten \u00d6ffnungszeiten abgeholt werden.<br \/>\nAn dieser Stelle bedankt sich der Kirchbauf\u00f6rderverein der Pfarre St. Clemens e.V. bei allen Sponsoren, die auch in diesem Jahr wieder gro\u00dfz\u00fcgige Geldpreise und Gutscheine zur Verf\u00fcgung gestellt haben, insgesamt mehr als 5.000 Euro. Unser ausdr\u00fccklicher Dank gilt Peter Schmitz, der mit uns einige Zeit nach einem Motiv gesucht und erneut das Foto zur Verf\u00fcgung gestellt hat. Last but not least: Die beiden Apotheker mit Ihren Mitarbeitern \u00fcbernehmen wieder nahezu den kompletten Vertrieb. Herzlichen Dank!<\/p>\n","protected":false},"excerpt":{"rendered":"<p>Der Kirchbauf\u00f6rderverein der Pfarre St. Clemens Kaldenkirchen besteht nun seit 2012 und verwendet den Reinerl\u00f6s aus dem Verkauf der Adventskalender ausschlie\u00dflich f\u00fcr satzungsgem\u00e4\u00dfe Zwecke. Wir freuen uns, die Tradition des Adventskalenders weiterhin aufrecht halten zu k\u00f6nnen. Der Kaufpreis f\u00fcr den Kalender betr\u00e4gt 12,00 Euro und ist zugleich ein Lotterielos. Ihre pers\u00f6nliche Gewinnnummer ist auf der &hellip; <a href=\"http:\/\/kbfv.stclemens-kaldenkirchen.de\/?p=723\" class=\"more-link\"><span class=\"screen-reader-text\">Adventsaktion 2021<\/span> weiterlesen <span class=\"meta-nav\">&rarr;<\/span><\/a><\/p>\n","protected":false},"author":3,"featured_media":0,"comment_status":"closed","ping_status":"closed","sticky":false,"template":"","format":"standard","meta":[],"categories":[16],"tags":[],"_links":{"self":[{"href":"http:\/\/kbfv.stclemens-kaldenkirchen.de\/index.php?rest_route=\/wp\/v2\/posts\/723"}],"collection":[{"href":"http:\/\/kbfv.stclemens-kaldenkirchen.de\/index.php?rest_route=\/wp\/v2\/posts"}],"about":[{"href":"http:\/\/kbfv.stclemens-kaldenkirchen.de\/index.php?rest_route=\/wp\/v2\/types\/post"}],"author":[{"embeddable":true,"href":"http:\/\/kbfv.stclemens-kaldenkirchen.de\/index.php?rest_route=\/wp\/v2\/users\/3"}],"replies":[{"embeddable":true,"href":"http:\/\/kbfv.stclemens-kaldenkirchen.de\/index.php?rest_route=%2Fwp%2Fv2%2Fcomments&post=723"}],"version-history":[{"count":3,"href":"http:\/\/kbfv.stclemens-kaldenkirchen.de\/index.php?rest_route=\/wp\/v2\/posts\/723\/revisions"}],"predecessor-version":[{"id":732,"href":"http:\/\/kbfv.stclemens-kaldenkirchen.de\/index.php?rest_route=\/wp\/v2\/posts\/723\/revisions\/732"}],"wp:attachment":[{"href":"http:\/\/kbfv.stclemens-kaldenkirchen.de\/index.php?rest_route=%2Fwp%2Fv2%2Fmedia&parent=723"}],"wp:term":[{"taxonomy":"category","embeddable":true,"href":"http:\/\/kbfv.stclemens-kaldenkirchen.de\/index.php?rest_route=%2Fwp%2Fv2%2Fcategories&post=723"},{"taxonomy":"post_tag","embeddable":true,"href":"http:\/\/kbfv.stclemens-kaldenkirchen.de\/index.php?rest_route=%2Fwp%2Fv2%2Ftags&post=723"}],"curies":[{"name":"wp","href":"https:\/\/api.w.org\/{rel}","templated":true}]}}