{"id":76,"date":"2012-08-01T10:00:59","date_gmt":"2012-08-01T08:00:59","guid":{"rendered":"http:\/\/kbfv.stclemens-kaldenkirchen.de\/?p=76"},"modified":"2014-08-12T23:08:37","modified_gmt":"2014-08-12T21:08:37","slug":"wanderung","status":"publish","type":"post","link":"http:\/\/kbfv.stclemens-kaldenkirchen.de\/?p=76","title":{"rendered":"Gef\u00fchrte Wanderung"},"content":{"rendered":"<p><span style=\"color: #000000; font-family: Verdana; font-size: small; font-style: normal; font-variant: normal; font-weight: normal; letter-spacing: normal; line-height: normal; orphans: auto; text-align: start; text-indent: 0px; text-transform: none; white-space: normal; widows: auto; word-spacing: 0px; -webkit-text-stroke-width: 0px; display: inline !important; float: none; background-color: #ffffff;\">Der B\u00fcrgerverein l\u00e4dt zu einer Busfahrt und F\u00fchrung ins Meinweggebiet bei Herkenbosch ein. Horst Schirrmacher f\u00fchrt die Gruppe durch den Nationalpark. Anmeldung bei Horst Schirrmacher (Tel: 02157\/4234) ist erforderlich. Am Ende der Veranstaltung wird um eine Spende zur Kirchturmsanierung gebeten.<\/span><\/p>\n","protected":false},"excerpt":{"rendered":"<p>Der B\u00fcrgerverein l\u00e4dt zu einer Busfahrt und F\u00fchrung ins Meinweggebiet bei Herkenbosch ein. Horst Schirrmacher f\u00fchrt die Gruppe durch den Nationalpark. Anmeldung bei Horst Schirrmacher (Tel: 02157\/4234) ist erforderlich. Am Ende der Veranstaltung wird um eine Spende zur Kirchturmsanierung gebeten.<\/p>\n","protected":false},"author":1,"featured_media":0,"comment_status":"closed","ping_status":"closed","sticky":false,"template":"","format":"standard","meta":[],"categories":[4],"tags":[],"_links":{"self":[{"href":"http:\/\/kbfv.stclemens-kaldenkirchen.de\/index.php?rest_route=\/wp\/v2\/posts\/76"}],"collection":[{"href":"http:\/\/kbfv.stclemens-kaldenkirchen.de\/index.php?rest_route=\/wp\/v2\/posts"}],"about":[{"href":"http:\/\/kbfv.stclemens-kaldenkirchen.de\/index.php?rest_route=\/wp\/v2\/types\/post"}],"author":[{"embeddable":true,"href":"http:\/\/kbfv.stclemens-kaldenkirchen.de\/index.php?rest_route=\/wp\/v2\/users\/1"}],"replies":[{"embeddable":true,"href":"http:\/\/kbfv.stclemens-kaldenkirchen.de\/index.php?rest_route=%2Fwp%2Fv2%2Fcomments&post=76"}],"version-history":[{"count":2,"href":"http:\/\/kbfv.stclemens-kaldenkirchen.de\/index.php?rest_route=\/wp\/v2\/posts\/76\/revisions"}],"predecessor-version":[{"id":85,"href":"http:\/\/kbfv.stclemens-kaldenkirchen.de\/index.php?rest_route=\/wp\/v2\/posts\/76\/revisions\/85"}],"wp:attachment":[{"href":"http:\/\/kbfv.stclemens-kaldenkirchen.de\/index.php?rest_route=%2Fwp%2Fv2%2Fmedia&parent=76"}],"wp:term":[{"taxonomy":"category","embeddable":true,"href":"http:\/\/kbfv.stclemens-kaldenkirchen.de\/index.php?rest_route=%2Fwp%2Fv2%2Fcategories&post=76"},{"taxonomy":"post_tag","embeddable":true,"href":"http:\/\/kbfv.stclemens-kaldenkirchen.de\/index.php?rest_route=%2Fwp%2Fv2%2Ftags&post=76"}],"curies":[{"name":"wp","href":"https:\/\/api.w.org\/{rel}","templated":true}]}}