{"id":78,"date":"2012-08-11T15:00:57","date_gmt":"2012-08-11T13:00:57","guid":{"rendered":"http:\/\/kbfv.stclemens-kaldenkirchen.de\/?p=78"},"modified":"2014-08-12T23:06:00","modified_gmt":"2014-08-12T21:06:00","slug":"fuehrung-durch-kaldenkirchen","status":"publish","type":"post","link":"http:\/\/kbfv.stclemens-kaldenkirchen.de\/?p=78","title":{"rendered":"F\u00fchrung durch Kaldenkirchen"},"content":{"rendered":"<p><span style=\"color: #000000; font-family: Verdana; font-size: small; font-style: normal; font-variant: normal; font-weight: normal; letter-spacing: normal; line-height: normal; orphans: auto; text-align: start; text-indent: 0px; text-transform: none; white-space: normal; widows: auto; word-spacing: 0px; -webkit-text-stroke-width: 0px; display: inline !important; float: none; background-color: #ffffff;\">Der B\u00fcrgerverein l\u00e4dt zu einer F\u00fchrung durch Kaldenkirchen ein. Vorstandsmitglied Prof. Dr. Leo Peters erl\u00e4utert historische St\u00e4tten Kaldenkirchens. Anmeldung ist nicht erforderlich. Am Ende der Veranstaltung wird um eine Spende zur Kirchturmsanierung gebeten.<\/span><\/p>\n","protected":false},"excerpt":{"rendered":"<p>Der B\u00fcrgerverein l\u00e4dt zu einer F\u00fchrung durch Kaldenkirchen ein. Vorstandsmitglied Prof. Dr. Leo Peters erl\u00e4utert historische St\u00e4tten Kaldenkirchens. Anmeldung ist nicht erforderlich. Am Ende der Veranstaltung wird um eine Spende zur Kirchturmsanierung gebeten.<\/p>\n","protected":false},"author":1,"featured_media":0,"comment_status":"closed","ping_status":"closed","sticky":false,"template":"","format":"standard","meta":[],"categories":[4],"tags":[],"_links":{"self":[{"href":"http:\/\/kbfv.stclemens-kaldenkirchen.de\/index.php?rest_route=\/wp\/v2\/posts\/78"}],"collection":[{"href":"http:\/\/kbfv.stclemens-kaldenkirchen.de\/index.php?rest_route=\/wp\/v2\/posts"}],"about":[{"href":"http:\/\/kbfv.stclemens-kaldenkirchen.de\/index.php?rest_route=\/wp\/v2\/types\/post"}],"author":[{"embeddable":true,"href":"http:\/\/kbfv.stclemens-kaldenkirchen.de\/index.php?rest_route=\/wp\/v2\/users\/1"}],"replies":[{"embeddable":true,"href":"http:\/\/kbfv.stclemens-kaldenkirchen.de\/index.php?rest_route=%2Fwp%2Fv2%2Fcomments&post=78"}],"version-history":[{"count":1,"href":"http:\/\/kbfv.stclemens-kaldenkirchen.de\/index.php?rest_route=\/wp\/v2\/posts\/78\/revisions"}],"predecessor-version":[{"id":79,"href":"http:\/\/kbfv.stclemens-kaldenkirchen.de\/index.php?rest_route=\/wp\/v2\/posts\/78\/revisions\/79"}],"wp:attachment":[{"href":"http:\/\/kbfv.stclemens-kaldenkirchen.de\/index.php?rest_route=%2Fwp%2Fv2%2Fmedia&parent=78"}],"wp:term":[{"taxonomy":"category","embeddable":true,"href":"http:\/\/kbfv.stclemens-kaldenkirchen.de\/index.php?rest_route=%2Fwp%2Fv2%2Fcategories&post=78"},{"taxonomy":"post_tag","embeddable":true,"href":"http:\/\/kbfv.stclemens-kaldenkirchen.de\/index.php?rest_route=%2Fwp%2Fv2%2Ftags&post=78"}],"curies":[{"name":"wp","href":"https:\/\/api.w.org\/{rel}","templated":true}]}}