{"id":80,"date":"2012-08-17T10:00:12","date_gmt":"2012-08-17T08:00:12","guid":{"rendered":"http:\/\/kbfv.stclemens-kaldenkirchen.de\/?p=80"},"modified":"2014-08-12T23:07:18","modified_gmt":"2014-08-12T21:07:18","slug":"wanderung-2","status":"publish","type":"post","link":"http:\/\/kbfv.stclemens-kaldenkirchen.de\/?p=80","title":{"rendered":"Gef\u00fchrte Wanderung"},"content":{"rendered":"<p>Der B\u00fcrgerverein l\u00e4dt zu einer Wanderung durch das ehemalige Depot ein. Horst Schirrmacher erl\u00e4utert wie das wertvolle Naturschutzgebiet Brachter Wald sich entwickelte. In ca. 2 Stunden werden 3,5 km gewandert. Anmeldung ist nicht erforderlich. Am Ende der Veranstaltung wird um eine Spende zur Kirchturmsanierung gebeten.<\/p>\n","protected":false},"excerpt":{"rendered":"<p>Der B\u00fcrgerverein l\u00e4dt zu einer Wanderung durch das ehemalige Depot ein. Horst Schirrmacher erl\u00e4utert wie das wertvolle Naturschutzgebiet Brachter Wald sich entwickelte. In ca. 2 Stunden werden 3,5 km gewandert. Anmeldung ist nicht erforderlich. Am Ende der Veranstaltung wird um eine Spende zur Kirchturmsanierung gebeten.<\/p>\n","protected":false},"author":1,"featured_media":0,"comment_status":"closed","ping_status":"closed","sticky":false,"template":"","format":"standard","meta":[],"categories":[4],"tags":[],"_links":{"self":[{"href":"http:\/\/kbfv.stclemens-kaldenkirchen.de\/index.php?rest_route=\/wp\/v2\/posts\/80"}],"collection":[{"href":"http:\/\/kbfv.stclemens-kaldenkirchen.de\/index.php?rest_route=\/wp\/v2\/posts"}],"about":[{"href":"http:\/\/kbfv.stclemens-kaldenkirchen.de\/index.php?rest_route=\/wp\/v2\/types\/post"}],"author":[{"embeddable":true,"href":"http:\/\/kbfv.stclemens-kaldenkirchen.de\/index.php?rest_route=\/wp\/v2\/users\/1"}],"replies":[{"embeddable":true,"href":"http:\/\/kbfv.stclemens-kaldenkirchen.de\/index.php?rest_route=%2Fwp%2Fv2%2Fcomments&post=80"}],"version-history":[{"count":2,"href":"http:\/\/kbfv.stclemens-kaldenkirchen.de\/index.php?rest_route=\/wp\/v2\/posts\/80\/revisions"}],"predecessor-version":[{"id":82,"href":"http:\/\/kbfv.stclemens-kaldenkirchen.de\/index.php?rest_route=\/wp\/v2\/posts\/80\/revisions\/82"}],"wp:attachment":[{"href":"http:\/\/kbfv.stclemens-kaldenkirchen.de\/index.php?rest_route=%2Fwp%2Fv2%2Fmedia&parent=80"}],"wp:term":[{"taxonomy":"category","embeddable":true,"href":"http:\/\/kbfv.stclemens-kaldenkirchen.de\/index.php?rest_route=%2Fwp%2Fv2%2Fcategories&post=80"},{"taxonomy":"post_tag","embeddable":true,"href":"http:\/\/kbfv.stclemens-kaldenkirchen.de\/index.php?rest_route=%2Fwp%2Fv2%2Ftags&post=80"}],"curies":[{"name":"wp","href":"https:\/\/api.w.org\/{rel}","templated":true}]}}