{"id":90,"date":"2012-10-06T11:00:05","date_gmt":"2012-10-06T09:00:05","guid":{"rendered":"http:\/\/kbfv.stclemens-kaldenkirchen.de\/?p=90"},"modified":"2014-08-12T23:11:42","modified_gmt":"2014-08-12T21:11:42","slug":"erntedankfest-im-brigittenheim","status":"publish","type":"post","link":"http:\/\/kbfv.stclemens-kaldenkirchen.de\/?p=90","title":{"rendered":"Erntedankfest im Brigittenheim"},"content":{"rendered":"<p><span style=\"color: #000000; font-family: Verdana; font-size: small; font-style: normal; font-variant: normal; font-weight: normal; letter-spacing: normal; line-height: normal; orphans: auto; text-align: start; text-indent: 0px; text-transform: none; white-space: normal; widows: auto; word-spacing: 0px; -webkit-text-stroke-width: 0px; display: inline !important; float: none; background-color: #ffffff;\">Das katholische Familienzentrum NRW \u201eBrigittenheim\u201c, Kirchplatz l\u00e4dt zum Erntedankfest am Samstag, 06.Oktober von 11:00 bis 17:00 Uhr ein. Es wird ein buntes Programm mit Live-Musik geboten. F\u00fcrs leibliche Wohl wird gesorgt. Ein Teil des Erl\u00f6ses geht als Spende an den Kirchbauf\u00f6rderverein zur Sanierung unseres Kirchturms.<span class=\"Apple-converted-space\"><br \/>\n<\/span><\/span><\/p>\n","protected":false},"excerpt":{"rendered":"<p>Das katholische Familienzentrum NRW \u201eBrigittenheim\u201c, Kirchplatz l\u00e4dt zum Erntedankfest am Samstag, 06.Oktober von 11:00 bis 17:00 Uhr ein. Es wird ein buntes Programm mit Live-Musik geboten. F\u00fcrs leibliche Wohl wird gesorgt. Ein Teil des Erl\u00f6ses geht als Spende an den Kirchbauf\u00f6rderverein zur Sanierung unseres Kirchturms.<\/p>\n","protected":false},"author":1,"featured_media":0,"comment_status":"closed","ping_status":"closed","sticky":false,"template":"","format":"standard","meta":[],"categories":[4],"tags":[],"_links":{"self":[{"href":"http:\/\/kbfv.stclemens-kaldenkirchen.de\/index.php?rest_route=\/wp\/v2\/posts\/90"}],"collection":[{"href":"http:\/\/kbfv.stclemens-kaldenkirchen.de\/index.php?rest_route=\/wp\/v2\/posts"}],"about":[{"href":"http:\/\/kbfv.stclemens-kaldenkirchen.de\/index.php?rest_route=\/wp\/v2\/types\/post"}],"author":[{"embeddable":true,"href":"http:\/\/kbfv.stclemens-kaldenkirchen.de\/index.php?rest_route=\/wp\/v2\/users\/1"}],"replies":[{"embeddable":true,"href":"http:\/\/kbfv.stclemens-kaldenkirchen.de\/index.php?rest_route=%2Fwp%2Fv2%2Fcomments&post=90"}],"version-history":[{"count":1,"href":"http:\/\/kbfv.stclemens-kaldenkirchen.de\/index.php?rest_route=\/wp\/v2\/posts\/90\/revisions"}],"predecessor-version":[{"id":91,"href":"http:\/\/kbfv.stclemens-kaldenkirchen.de\/index.php?rest_route=\/wp\/v2\/posts\/90\/revisions\/91"}],"wp:attachment":[{"href":"http:\/\/kbfv.stclemens-kaldenkirchen.de\/index.php?rest_route=%2Fwp%2Fv2%2Fmedia&parent=90"}],"wp:term":[{"taxonomy":"category","embeddable":true,"href":"http:\/\/kbfv.stclemens-kaldenkirchen.de\/index.php?rest_route=%2Fwp%2Fv2%2Fcategories&post=90"},{"taxonomy":"post_tag","embeddable":true,"href":"http:\/\/kbfv.stclemens-kaldenkirchen.de\/index.php?rest_route=%2Fwp%2Fv2%2Ftags&post=90"}],"curies":[{"name":"wp","href":"https:\/\/api.w.org\/{rel}","templated":true}]}}