{"id":94,"date":"2012-11-23T11:00:57","date_gmt":"2012-11-23T09:00:57","guid":{"rendered":"http:\/\/kbfv.stclemens-kaldenkirchen.de\/?p=94"},"modified":"2014-08-12T23:14:10","modified_gmt":"2014-08-12T21:14:10","slug":"aquarelle-fuer-den-turm","status":"publish","type":"post","link":"http:\/\/kbfv.stclemens-kaldenkirchen.de\/?p=94","title":{"rendered":"Aquarelle f\u00fcr den Turm"},"content":{"rendered":"<p><span style=\"color: #000000; font-family: Verdana; font-size: small; font-style: normal; font-variant: normal; font-weight: normal; letter-spacing: normal; line-height: normal; orphans: auto; text-align: start; text-indent: 0px; text-transform: none; white-space: normal; widows: auto; word-spacing: 0px; -webkit-text-stroke-width: 0px; display: inline !important; float: none; background-color: #ffffff;\">Elvire K\u00fcckemanns stellt Aquarelle in der Schalterhalle der Sparkasse, Kehrstrasse aus. Die Ausstellung ist vom 23.11.2012 bis zum 14.12.2012 zu den \u00d6ffnungszeiten der Sparkasse ge\u00f6ffent. Der B\u00fcrgerverein Kaldenkirchen e.V. spendet f\u00fcr den Kirchturm zus\u00e4tzlich 70 \u20ac je verkauftes Bild.<span class=\"Apple-converted-space\"><br \/>\n<\/span><\/span><\/p>\n","protected":false},"excerpt":{"rendered":"<p>Elvire K\u00fcckemanns stellt Aquarelle in der Schalterhalle der Sparkasse, Kehrstrasse aus. Die Ausstellung ist vom 23.11.2012 bis zum 14.12.2012 zu den \u00d6ffnungszeiten der Sparkasse ge\u00f6ffent. Der B\u00fcrgerverein Kaldenkirchen e.V. spendet f\u00fcr den Kirchturm zus\u00e4tzlich 70 \u20ac je verkauftes Bild.<\/p>\n","protected":false},"author":1,"featured_media":0,"comment_status":"closed","ping_status":"closed","sticky":false,"template":"","format":"standard","meta":[],"categories":[4],"tags":[],"_links":{"self":[{"href":"http:\/\/kbfv.stclemens-kaldenkirchen.de\/index.php?rest_route=\/wp\/v2\/posts\/94"}],"collection":[{"href":"http:\/\/kbfv.stclemens-kaldenkirchen.de\/index.php?rest_route=\/wp\/v2\/posts"}],"about":[{"href":"http:\/\/kbfv.stclemens-kaldenkirchen.de\/index.php?rest_route=\/wp\/v2\/types\/post"}],"author":[{"embeddable":true,"href":"http:\/\/kbfv.stclemens-kaldenkirchen.de\/index.php?rest_route=\/wp\/v2\/users\/1"}],"replies":[{"embeddable":true,"href":"http:\/\/kbfv.stclemens-kaldenkirchen.de\/index.php?rest_route=%2Fwp%2Fv2%2Fcomments&post=94"}],"version-history":[{"count":1,"href":"http:\/\/kbfv.stclemens-kaldenkirchen.de\/index.php?rest_route=\/wp\/v2\/posts\/94\/revisions"}],"predecessor-version":[{"id":95,"href":"http:\/\/kbfv.stclemens-kaldenkirchen.de\/index.php?rest_route=\/wp\/v2\/posts\/94\/revisions\/95"}],"wp:attachment":[{"href":"http:\/\/kbfv.stclemens-kaldenkirchen.de\/index.php?rest_route=%2Fwp%2Fv2%2Fmedia&parent=94"}],"wp:term":[{"taxonomy":"category","embeddable":true,"href":"http:\/\/kbfv.stclemens-kaldenkirchen.de\/index.php?rest_route=%2Fwp%2Fv2%2Fcategories&post=94"},{"taxonomy":"post_tag","embeddable":true,"href":"http:\/\/kbfv.stclemens-kaldenkirchen.de\/index.php?rest_route=%2Fwp%2Fv2%2Ftags&post=94"}],"curies":[{"name":"wp","href":"https:\/\/api.w.org\/{rel}","templated":true}]}}